{"id":8769,"date":"2024-08-27T14:18:39","date_gmt":"2024-08-27T14:18:39","guid":{"rendered":"https:\/\/green-vill-kecskemet.hu\/?p=8769"},"modified":"2024-08-27T14:27:16","modified_gmt":"2024-08-27T14:27:16","slug":"villanytuzhely-beepitheto-sutok-es-fozolapok","status":"publish","type":"post","link":"https:\/\/green-vill-kecskemet.hu\/index.php\/2024\/08\/27\/villanytuzhely-beepitheto-sutok-es-fozolapok\/","title":{"rendered":"Villanyt\u0171zhely, be\u00e9p\u00edthet\u0151 s\u00fct\u0151k \u00e9s f\u0151z\u0151lapok"},"content":{"rendered":"\t\t<div data-elementor-type=\"wp-post\" data-elementor-id=\"8769\" class=\"elementor elementor-8769\">\n\t\t\t\t<div class=\"elementor-element elementor-element-bc973a1 e-flex e-con-boxed e-con e-parent\" data-id=\"bc973a1\" data-element_type=\"container\">\n\t\t\t\t\t<div class=\"e-con-inner\">\n\t\t\t\t<div class=\"elementor-element elementor-element-4781b00 elementor-widget elementor-widget-image\" data-id=\"4781b00\" data-element_type=\"widget\" data-widget_type=\"image.default\">\n\t\t\t\t<div class=\"elementor-widget-container\">\n\t\t\t\t\t\t\t\t\t\t\t\t\t\t\t<img fetchpriority=\"high\" decoding=\"async\" width=\"2560\" height=\"753\" src=\"https:\/\/green-vill-kecskemet.hu\/wp-content\/uploads\/2024\/08\/AdobeStock_442573743-scaled.jpeg\" class=\"attachment-full size-full wp-image-8771\" alt=\"G\u00e1zl\u00e1ng g\u00e1zt\u0171zhelyen\" srcset=\"https:\/\/green-vill-kecskemet.hu\/wp-content\/uploads\/2024\/08\/AdobeStock_442573743-scaled.jpeg 2560w, https:\/\/green-vill-kecskemet.hu\/wp-content\/uploads\/2024\/08\/AdobeStock_442573743-570x168.jpeg 570w, https:\/\/green-vill-kecskemet.hu\/wp-content\/uploads\/2024\/08\/AdobeStock_442573743-770x226.jpeg 770w, https:\/\/green-vill-kecskemet.hu\/wp-content\/uploads\/2024\/08\/AdobeStock_442573743-768x226.jpeg 768w, https:\/\/green-vill-kecskemet.hu\/wp-content\/uploads\/2024\/08\/AdobeStock_442573743-1536x452.jpeg 1536w, https:\/\/green-vill-kecskemet.hu\/wp-content\/uploads\/2024\/08\/AdobeStock_442573743-2048x602.jpeg 2048w, https:\/\/green-vill-kecskemet.hu\/wp-content\/uploads\/2024\/08\/AdobeStock_442573743-600x176.jpeg 600w\" sizes=\"(max-width: 2560px) 100vw, 2560px\" \/>\t\t\t\t\t\t\t\t\t\t\t\t\t\t\t<\/div>\n\t\t\t\t<\/div>\n\t\t\t\t\t<\/div>\n\t\t\t\t<\/div>\n\t\t<div class=\"elementor-element elementor-element-8357b10 e-flex e-con-boxed e-con e-parent\" data-id=\"8357b10\" data-element_type=\"container\">\n\t\t\t\t\t<div class=\"e-con-inner\">\n\t\t\t\t<div class=\"elementor-element elementor-element-3093940 elementor-widget elementor-widget-text-editor\" data-id=\"3093940\" data-element_type=\"widget\" data-widget_type=\"text-editor.default\">\n\t\t\t\t<div class=\"elementor-widget-container\">\n\t\t\t\t\t\t\t\t\t<p>Minden villamos t\u0171zhely \u00e9s f\u0151z\u0151lap csatlakoztat\u00e1s\u00e1t szabv\u00e1nyok \u00e9s gy\u00e1rt\u00f3i el\u0151\u00edr\u00e1sok szab\u00e1lyozz\u00e1k. Sz\u00e1mos el\u0151felt\u00e9telnek kell ahhoz teljes\u00fclnie, hogy a t\u0171zhely csatlakoztat\u00e1sa szakszer\u0171 \u00e9s a napi rendszeres haszn\u00e1latra alkalmas, \u00e9s a haszn\u00e1lata biztons\u00e1gos legyen. Mi is a teend\u0151nk? K\u00e9rj\u00fck Szakember seg\u00edts\u00e9g\u00e9t, akik a k\u00f6vetkez\u0151kben fognak tudni seg\u00edteni.<\/p>\t\t\t\t\t\t\t\t<\/div>\n\t\t\t\t<\/div>\n\t\t\t\t<div class=\"elementor-element elementor-element-9519b6a elementor-widget-divider--view-line elementor-widget elementor-widget-divider\" data-id=\"9519b6a\" data-element_type=\"widget\" data-widget_type=\"divider.default\">\n\t\t\t\t<div class=\"elementor-widget-container\">\n\t\t\t\t\t\t\t<div class=\"elementor-divider\">\n\t\t\t<span class=\"elementor-divider-separator\">\n\t\t\t\t\t\t<\/span>\n\t\t<\/div>\n\t\t\t\t\t\t<\/div>\n\t\t\t\t<\/div>\n\t\t\t\t\t<\/div>\n\t\t\t\t<\/div>\n\t\t<div class=\"elementor-element elementor-element-ca8fad1 e-flex e-con-boxed e-con e-parent\" data-id=\"ca8fad1\" data-element_type=\"container\">\n\t\t\t\t\t<div class=\"e-con-inner\">\n\t\t\t\t<div class=\"elementor-element elementor-element-98f7244 elementor-widget elementor-widget-heading\" data-id=\"98f7244\" data-element_type=\"widget\" data-widget_type=\"heading.default\">\n\t\t\t\t<div class=\"elementor-widget-container\">\n\t\t\t\t\t<h4 class=\"elementor-heading-title elementor-size-default\">1. Lehet\u0151s\u00e9gek felt\u00e9rk\u00e9pez\u00e9se<\/h4>\t\t\t\t<\/div>\n\t\t\t\t<\/div>\n\t\t\t\t<div class=\"elementor-element elementor-element-67fbf5d elementor-widget elementor-widget-text-editor\" data-id=\"67fbf5d\" data-element_type=\"widget\" data-widget_type=\"text-editor.default\">\n\t\t\t\t<div class=\"elementor-widget-container\">\n\t\t\t\t\t\t\t\t\t<p>Az elektromos t\u0171zhely megv\u00e1s\u00e1rl\u00e1sa majd bek\u00f6t\u00e9se el\u0151tt a lak\u00e1s vagy h\u00e1z villamos rendszer\u00e9n szerel\u0151i ellen\u0151rz\u00e9st kell v\u00e9gezni. Egy villanyt\u0171zhely vagy f\u0151z\u0151lap \u00e1ramfelv\u00e9tele igen magas, \u00e9s semmi sem garant\u00e1lja, hogy a kiv\u00e1lasztott villanyt\u0171zhely bek\u00f6t\u00e9se lehets\u00e9ges a megl\u00e9v\u0151 rendszerre. Ha az alapfelt\u00e9telek nem teljes\u00fclnek, ki kell \u00e9p\u00edteni azokat egy\u00e9b esetben az elektromos t\u0171zhely szakszer\u0171en nem csatlakoztathat\u00f3 az ingatlan elektromos rendszer\u00e9re. A felt\u00e9telek teljes\u00edt\u00e9se m\u0171szaki szempontb\u00f3l az elektromos t\u0171zhely \u00e1r\u00e1nak a jelent\u0151s r\u00e9sz\u00e9t is k\u00e9pezhetik.<\/p>\t\t\t\t\t\t\t\t<\/div>\n\t\t\t\t<\/div>\n\t\t\t\t\t<\/div>\n\t\t\t\t<\/div>\n\t\t<div class=\"elementor-element elementor-element-e4a8cbb e-flex e-con-boxed e-con e-parent\" data-id=\"e4a8cbb\" data-element_type=\"container\">\n\t\t\t\t\t<div class=\"e-con-inner\">\n\t\t\t\t<div class=\"elementor-element elementor-element-ad5480a elementor-widget elementor-widget-heading\" data-id=\"ad5480a\" data-element_type=\"widget\" data-widget_type=\"heading.default\">\n\t\t\t\t<div class=\"elementor-widget-container\">\n\t\t\t\t\t<h4 class=\"elementor-heading-title elementor-size-default\">2. Rendelkez\u00e9sre \u00e1ll\u00f3 f\u00e1zisok sz\u00e1ma:<\/h4>\t\t\t\t<\/div>\n\t\t\t\t<\/div>\n\t\t\t\t<div class=\"elementor-element elementor-element-b9d303e elementor-widget elementor-widget-text-editor\" data-id=\"b9d303e\" data-element_type=\"widget\" data-widget_type=\"text-editor.default\">\n\t\t\t\t<div class=\"elementor-widget-container\">\n\t\t\t\t\t\t\t\t\t<p>A villanys\u00fct\u0151 \u00e9s f\u0151z\u0151lap eset\u00e9ben a h\u00e1rom f\u00e1zis megl\u00e9te lenne optim\u00e1lis, de szinte mindegyik k\u00e9sz\u00fcl\u00e9k egyar\u00e1nt bek\u00f6thet\u0151 egy f\u00e1zis eset\u00e9n is.<\/p>\t\t\t\t\t\t\t\t<\/div>\n\t\t\t\t<\/div>\n\t\t\t\t\t<\/div>\n\t\t\t\t<\/div>\n\t\t<div class=\"elementor-element elementor-element-5e706cd e-flex e-con-boxed e-con e-parent\" data-id=\"5e706cd\" data-element_type=\"container\">\n\t\t\t\t\t<div class=\"e-con-inner\">\n\t\t\t\t<div class=\"elementor-element elementor-element-e896207 elementor-widget elementor-widget-heading\" data-id=\"e896207\" data-element_type=\"widget\" data-widget_type=\"heading.default\">\n\t\t\t\t<div class=\"elementor-widget-container\">\n\t\t\t\t\t<h4 class=\"elementor-heading-title elementor-size-default\">3. \u00d6n\u00e1ll\u00f3 \u00e1ramk\u00f6r megl\u00e9te:<\/h4>\t\t\t\t<\/div>\n\t\t\t\t<\/div>\n\t\t\t\t<div class=\"elementor-element elementor-element-0e7f397 elementor-widget elementor-widget-text-editor\" data-id=\"0e7f397\" data-element_type=\"widget\" data-widget_type=\"text-editor.default\">\n\t\t\t\t<div class=\"elementor-widget-container\">\n\t\t\t\t\t\t\t\t\t<p>Az elektromos t\u0171zhely csak \u00f6n\u00e1ll\u00f3 \u00e1ramk\u00f6rr\u0151l \u00fczemelhet. M\u00e1s fogyaszt\u00f3t a t\u0171zhely \u00e1ramk\u00f6re nem t\u00e1pl\u00e1lhat. Az \u00e1ramk\u00f6rt megszak\u00edt\u00e1s n\u00e9lk\u00fcl kell elvezetni a t\u0171zhely \u00e9s a biztos\u00edt\u00e9kt\u00e1bla k\u00f6z\u00f6tt, k\u00f6t\u00e9s nem lehet rajta.\u00a0<\/p>\t\t\t\t\t\t\t\t<\/div>\n\t\t\t\t<\/div>\n\t\t\t\t\t<\/div>\n\t\t\t\t<\/div>\n\t\t<div class=\"elementor-element elementor-element-e4a5259 e-flex e-con-boxed e-con e-parent\" data-id=\"e4a5259\" data-element_type=\"container\">\n\t\t\t\t\t<div class=\"e-con-inner\">\n\t\t\t\t<div class=\"elementor-element elementor-element-ad7e82d elementor-widget elementor-widget-heading\" data-id=\"ad7e82d\" data-element_type=\"widget\" data-widget_type=\"heading.default\">\n\t\t\t\t<div class=\"elementor-widget-container\">\n\t\t\t\t\t<h4 class=\"elementor-heading-title elementor-size-default\">4. Kismegszak\u00edt\u00f3 \u00e9s \u00e9letv\u00e9delmi rel\u00e9:<\/h4>\t\t\t\t<\/div>\n\t\t\t\t<\/div>\n\t\t\t\t<div class=\"elementor-element elementor-element-c997bd0 elementor-widget elementor-widget-text-editor\" data-id=\"c997bd0\" data-element_type=\"widget\" data-widget_type=\"text-editor.default\">\n\t\t\t\t<div class=\"elementor-widget-container\">\n\t\t\t\t\t\t\t\t\t<p>A t\u0171zhely eset\u00e9ben is a t\u00fal\u00e1ram v\u00e9delem mellett, biztos\u00edtani kell a sziv\u00e1rg\u00f3 \u00e1ram v\u00e9delmet is. Teh\u00e1t a megl\u00e9v\u0151 h\u00e1l\u00f3zatnak rendelkeznie kell (fi)-rel\u00e9vel.<\/p>\t\t\t\t\t\t\t\t<\/div>\n\t\t\t\t<\/div>\n\t\t\t\t\t<\/div>\n\t\t\t\t<\/div>\n\t\t<div class=\"elementor-element elementor-element-abd3e16 e-flex e-con-boxed e-con e-parent\" data-id=\"abd3e16\" data-element_type=\"container\">\n\t\t\t\t\t<div class=\"e-con-inner\">\n\t\t\t\t<div class=\"elementor-element elementor-element-fc5af90 elementor-widget elementor-widget-heading\" data-id=\"fc5af90\" data-element_type=\"widget\" data-widget_type=\"heading.default\">\n\t\t\t\t<div class=\"elementor-widget-container\">\n\t\t\t\t\t<h4 class=\"elementor-heading-title elementor-size-default\">5. V\u00e9d\u0151vezet\u0151 csatlakoztat\u00e1sa:<\/h4>\t\t\t\t<\/div>\n\t\t\t\t<\/div>\n\t\t\t\t<div class=\"elementor-element elementor-element-93d6fd8 elementor-widget elementor-widget-text-editor\" data-id=\"93d6fd8\" data-element_type=\"widget\" data-widget_type=\"text-editor.default\">\n\t\t\t\t<div class=\"elementor-widget-container\">\n\t\t\t\t\t\t\t\t\t<p>Az elektromos t\u0171zhelyek az I. \u00c9rint\u00e9sv\u00e9delmi oszt\u00e1lyba vannak sorolva. A t\u0171zhely bek\u00f6t\u00e9se v\u00e9d\u0151f\u00f6ldel\u00e9s hi\u00e1ny\u00e1ban szigor\u00faan tilos!<\/p>\t\t\t\t\t\t\t\t<\/div>\n\t\t\t\t<\/div>\n\t\t\t\t\t<\/div>\n\t\t\t\t<\/div>\n\t\t<div class=\"elementor-element elementor-element-eaf5302 e-flex e-con-boxed e-con e-parent\" data-id=\"eaf5302\" data-element_type=\"container\">\n\t\t\t\t\t<div class=\"e-con-inner\">\n\t\t\t\t<div class=\"elementor-element elementor-element-ad7f543 elementor-widget-divider--view-line elementor-widget elementor-widget-divider\" data-id=\"ad7f543\" data-element_type=\"widget\" data-widget_type=\"divider.default\">\n\t\t\t\t<div class=\"elementor-widget-container\">\n\t\t\t\t\t\t\t<div class=\"elementor-divider\">\n\t\t\t<span class=\"elementor-divider-separator\">\n\t\t\t\t\t\t<\/span>\n\t\t<\/div>\n\t\t\t\t\t\t<\/div>\n\t\t\t\t<\/div>\n\t\t\t\t<div class=\"elementor-element elementor-element-2c1e822 elementor-widget elementor-widget-text-editor\" data-id=\"2c1e822\" data-element_type=\"widget\" data-widget_type=\"text-editor.default\">\n\t\t\t\t<div class=\"elementor-widget-container\">\n\t\t\t\t\t\t\t\t\t<p><strong>Fontos tudni, hogy a h\u00e1ztart\u00e1si elektromos k\u00e9sz\u00fcl\u00e9kek (bojler, t\u0171zhely, be\u00e9p\u00edthet\u0151 s\u00fct\u0151 \u00e9s f\u0151z\u0151lap, kl\u00edma) garanci\u00e1ja csak sz\u00e1mlak\u00e9pes villanyszerel\u0151 szakszer\u0171 bek\u00f6t\u00e9s\u00e9vel \u00e9rv\u00e9nyes. A bek\u00f6t\u00e9st igazol\u00f3 dokumentumok \u00e9s pecs\u00e9t hi\u00e1ny\u00e1ban a meghib\u00e1sod\u00e1sn\u00e1l a gy\u00e1rt\u00f3 jogszer\u0171en visszautas\u00edthatja annak jav\u00edt\u00e1s\u00e1t vagy cser\u00e9j\u00e9t. <\/strong><\/p>\t\t\t\t\t\t\t\t<\/div>\n\t\t\t\t<\/div>\n\t\t\t\t\t<\/div>\n\t\t\t\t<\/div>\n\t\t\t\t<\/div>\n\t\t","protected":false},"excerpt":{"rendered":"<p>Minden villamos t\u0171zhely \u00e9s f\u0151z\u0151lap csatlakoztat\u00e1s\u00e1t szabv\u00e1nyok \u00e9s gy\u00e1rt\u00f3i el\u0151\u00edr\u00e1sok szab\u00e1lyozz\u00e1k. Sz\u00e1mos el\u0151felt\u00e9telnek kell ahhoz teljes\u00fclnie, hogy a t\u0171zhely csatlakoztat\u00e1sa szakszer\u0171 \u00e9s a napi rendszeres haszn\u00e1latra alkalmas, \u00e9s a haszn\u00e1lata biztons\u00e1gos legyen. Mi is a teend\u0151nk? K\u00e9rj\u00fck Szakember seg\u00edts\u00e9g\u00e9t, akik a k\u00f6vetkez\u0151kben fognak tudni seg\u00edteni. 1. Lehet\u0151s\u00e9gek felt\u00e9rk\u00e9pez\u00e9se Az elektromos t\u0171zhely megv\u00e1s\u00e1rl\u00e1sa majd bek\u00f6t\u00e9se el\u0151tt [&hellip;]<\/p>\n","protected":false},"author":1,"featured_media":0,"comment_status":"closed","ping_status":"closed","sticky":false,"template":"","format":"standard","meta":{"two_page_speed":[],"footnotes":""},"categories":[154],"tags":[],"class_list":["post-8769","post","type-post","status-publish","format-standard","hentry","category-villanyszereles"],"yoast_head":"<!-- This site is optimized with the Yoast SEO plugin v26.9 - https:\/\/yoast.com\/product\/yoast-seo-wordpress\/ -->\n<title>Villanyt\u0171zhely, be\u00e9p\u00edthet\u0151 s\u00fct\u0151k \u00e9s f\u0151z\u0151lapok - GreenVill<\/title>\n<meta name=\"robots\" content=\"index, follow, max-snippet:-1, max-image-preview:large, max-video-preview:-1\" \/>\n<link rel=\"canonical\" href=\"https:\/\/green-vill-kecskemet.hu\/index.php\/2024\/08\/27\/villanytuzhely-beepitheto-sutok-es-fozolapok\/\" \/>\n<meta property=\"og:locale\" content=\"hu_HU\" \/>\n<meta property=\"og:type\" content=\"article\" \/>\n<meta property=\"og:title\" content=\"Villanyt\u0171zhely, be\u00e9p\u00edthet\u0151 s\u00fct\u0151k \u00e9s f\u0151z\u0151lapok - GreenVill\" \/>\n<meta property=\"og:description\" content=\"Minden villamos t\u0171zhely \u00e9s f\u0151z\u0151lap csatlakoztat\u00e1s\u00e1t szabv\u00e1nyok \u00e9s gy\u00e1rt\u00f3i el\u0151\u00edr\u00e1sok szab\u00e1lyozz\u00e1k. Sz\u00e1mos el\u0151felt\u00e9telnek kell ahhoz teljes\u00fclnie, hogy a t\u0171zhely csatlakoztat\u00e1sa szakszer\u0171 \u00e9s a napi rendszeres haszn\u00e1latra alkalmas, \u00e9s a haszn\u00e1lata biztons\u00e1gos legyen. Mi is a teend\u0151nk? K\u00e9rj\u00fck Szakember seg\u00edts\u00e9g\u00e9t, akik a k\u00f6vetkez\u0151kben fognak tudni seg\u00edteni. 1. Lehet\u0151s\u00e9gek felt\u00e9rk\u00e9pez\u00e9se Az elektromos t\u0171zhely megv\u00e1s\u00e1rl\u00e1sa majd bek\u00f6t\u00e9se el\u0151tt [&hellip;]\" \/>\n<meta property=\"og:url\" content=\"https:\/\/green-vill-kecskemet.hu\/index.php\/2024\/08\/27\/villanytuzhely-beepitheto-sutok-es-fozolapok\/\" \/>\n<meta property=\"og:site_name\" content=\"GreenVill\" \/>\n<meta property=\"article:publisher\" content=\"https:\/\/www.facebook.com\/profile.php?id=61556609794532\" \/>\n<meta property=\"article:published_time\" content=\"2024-08-27T14:18:39+00:00\" \/>\n<meta property=\"article:modified_time\" content=\"2024-08-27T14:27:16+00:00\" \/>\n<meta property=\"og:image\" content=\"https:\/\/green-vill-kecskemet.hu\/wp-content\/uploads\/2024\/08\/AdobeStock_442573743-scaled.jpeg\" \/>\n<meta name=\"author\" content=\"green-vill-admin\" \/>\n<meta name=\"twitter:card\" content=\"summary_large_image\" \/>\n<meta name=\"twitter:label1\" content=\"Szerz\u0151:\" \/>\n\t<meta name=\"twitter:data1\" content=\"green-vill-admin\" \/>\n\t<meta name=\"twitter:label2\" content=\"Becs\u00fclt olvas\u00e1si id\u0151\" \/>\n\t<meta name=\"twitter:data2\" content=\"2 perc\" \/>\n<script type=\"application\/ld+json\" class=\"yoast-schema-graph\">{\"@context\":\"https:\/\/schema.org\",\"@graph\":[{\"@type\":\"Article\",\"@id\":\"https:\/\/green-vill-kecskemet.hu\/index.php\/2024\/08\/27\/villanytuzhely-beepitheto-sutok-es-fozolapok\/#article\",\"isPartOf\":{\"@id\":\"https:\/\/green-vill-kecskemet.hu\/index.php\/2024\/08\/27\/villanytuzhely-beepitheto-sutok-es-fozolapok\/\"},\"author\":{\"name\":\"green-vill-admin\",\"@id\":\"https:\/\/green-vill-kecskemet.hu\/#\/schema\/person\/084a23a77b0f9e74d3489b9e6a33674d\"},\"headline\":\"Villanyt\u0171zhely, be\u00e9p\u00edthet\u0151 s\u00fct\u0151k \u00e9s f\u0151z\u0151lapok\",\"datePublished\":\"2024-08-27T14:18:39+00:00\",\"dateModified\":\"2024-08-27T14:27:16+00:00\",\"mainEntityOfPage\":{\"@id\":\"https:\/\/green-vill-kecskemet.hu\/index.php\/2024\/08\/27\/villanytuzhely-beepitheto-sutok-es-fozolapok\/\"},\"wordCount\":461,\"publisher\":{\"@id\":\"https:\/\/green-vill-kecskemet.hu\/#organization\"},\"image\":{\"@id\":\"https:\/\/green-vill-kecskemet.hu\/index.php\/2024\/08\/27\/villanytuzhely-beepitheto-sutok-es-fozolapok\/#primaryimage\"},\"thumbnailUrl\":\"https:\/\/green-vill-kecskemet.hu\/wp-content\/uploads\/2024\/08\/AdobeStock_442573743-scaled.jpeg\",\"articleSection\":[\"villanyszerel\u00e9s\"],\"inLanguage\":\"hu\"},{\"@type\":\"WebPage\",\"@id\":\"https:\/\/green-vill-kecskemet.hu\/index.php\/2024\/08\/27\/villanytuzhely-beepitheto-sutok-es-fozolapok\/\",\"url\":\"https:\/\/green-vill-kecskemet.hu\/index.php\/2024\/08\/27\/villanytuzhely-beepitheto-sutok-es-fozolapok\/\",\"name\":\"Villanyt\u0171zhely, be\u00e9p\u00edthet\u0151 s\u00fct\u0151k \u00e9s f\u0151z\u0151lapok - GreenVill\",\"isPartOf\":{\"@id\":\"https:\/\/green-vill-kecskemet.hu\/#website\"},\"primaryImageOfPage\":{\"@id\":\"https:\/\/green-vill-kecskemet.hu\/index.php\/2024\/08\/27\/villanytuzhely-beepitheto-sutok-es-fozolapok\/#primaryimage\"},\"image\":{\"@id\":\"https:\/\/green-vill-kecskemet.hu\/index.php\/2024\/08\/27\/villanytuzhely-beepitheto-sutok-es-fozolapok\/#primaryimage\"},\"thumbnailUrl\":\"https:\/\/green-vill-kecskemet.hu\/wp-content\/uploads\/2024\/08\/AdobeStock_442573743-scaled.jpeg\",\"datePublished\":\"2024-08-27T14:18:39+00:00\",\"dateModified\":\"2024-08-27T14:27:16+00:00\",\"breadcrumb\":{\"@id\":\"https:\/\/green-vill-kecskemet.hu\/index.php\/2024\/08\/27\/villanytuzhely-beepitheto-sutok-es-fozolapok\/#breadcrumb\"},\"inLanguage\":\"hu\",\"potentialAction\":[{\"@type\":\"ReadAction\",\"target\":[\"https:\/\/green-vill-kecskemet.hu\/index.php\/2024\/08\/27\/villanytuzhely-beepitheto-sutok-es-fozolapok\/\"]}]},{\"@type\":\"ImageObject\",\"inLanguage\":\"hu\",\"@id\":\"https:\/\/green-vill-kecskemet.hu\/index.php\/2024\/08\/27\/villanytuzhely-beepitheto-sutok-es-fozolapok\/#primaryimage\",\"url\":\"https:\/\/green-vill-kecskemet.hu\/wp-content\/uploads\/2024\/08\/AdobeStock_442573743-scaled.jpeg\",\"contentUrl\":\"https:\/\/green-vill-kecskemet.hu\/wp-content\/uploads\/2024\/08\/AdobeStock_442573743-scaled.jpeg\",\"width\":2560,\"height\":753,\"caption\":\"G\u00e1zl\u00e1ng g\u00e1zt\u0171zhelyen\"},{\"@type\":\"BreadcrumbList\",\"@id\":\"https:\/\/green-vill-kecskemet.hu\/index.php\/2024\/08\/27\/villanytuzhely-beepitheto-sutok-es-fozolapok\/#breadcrumb\",\"itemListElement\":[{\"@type\":\"ListItem\",\"position\":1,\"name\":\"Home\",\"item\":\"https:\/\/green-vill-kecskemet.hu\/\"},{\"@type\":\"ListItem\",\"position\":2,\"name\":\"Villanyt\u0171zhely, be\u00e9p\u00edthet\u0151 s\u00fct\u0151k \u00e9s f\u0151z\u0151lapok\"}]},{\"@type\":\"WebSite\",\"@id\":\"https:\/\/green-vill-kecskemet.hu\/#website\",\"url\":\"https:\/\/green-vill-kecskemet.hu\/\",\"name\":\"Green Vill Kecskem\u00e9t\",\"description\":\"\",\"publisher\":{\"@id\":\"https:\/\/green-vill-kecskemet.hu\/#organization\"},\"potentialAction\":[{\"@type\":\"SearchAction\",\"target\":{\"@type\":\"EntryPoint\",\"urlTemplate\":\"https:\/\/green-vill-kecskemet.hu\/?s={search_term_string}\"},\"query-input\":{\"@type\":\"PropertyValueSpecification\",\"valueRequired\":true,\"valueName\":\"search_term_string\"}}],\"inLanguage\":\"hu\"},{\"@type\":\"Organization\",\"@id\":\"https:\/\/green-vill-kecskemet.hu\/#organization\",\"name\":\"Gecsei Viktor EV\",\"url\":\"https:\/\/green-vill-kecskemet.hu\/\",\"logo\":{\"@type\":\"ImageObject\",\"inLanguage\":\"hu\",\"@id\":\"https:\/\/green-vill-kecskemet.hu\/#\/schema\/logo\/image\/\",\"url\":\"https:\/\/green-vill-kecskemet.hu\/wp-content\/uploads\/2025\/02\/GreenVill-logo-v2-scaled.webp\",\"contentUrl\":\"https:\/\/green-vill-kecskemet.hu\/wp-content\/uploads\/2025\/02\/GreenVill-logo-v2-scaled.webp\",\"width\":2560,\"height\":2560,\"caption\":\"Gecsei Viktor EV\"},\"image\":{\"@id\":\"https:\/\/green-vill-kecskemet.hu\/#\/schema\/logo\/image\/\"},\"sameAs\":[\"https:\/\/www.facebook.com\/profile.php?id=61556609794532\"]},{\"@type\":\"Person\",\"@id\":\"https:\/\/green-vill-kecskemet.hu\/#\/schema\/person\/084a23a77b0f9e74d3489b9e6a33674d\",\"name\":\"green-vill-admin\",\"image\":{\"@type\":\"ImageObject\",\"inLanguage\":\"hu\",\"@id\":\"https:\/\/green-vill-kecskemet.hu\/#\/schema\/person\/image\/\",\"url\":\"https:\/\/secure.gravatar.com\/avatar\/4599c337fa3e1a2fae515e50398cf6d3c950d7020985f02f06c921b0f84de42e?s=96&d=mm&r=g\",\"contentUrl\":\"https:\/\/secure.gravatar.com\/avatar\/4599c337fa3e1a2fae515e50398cf6d3c950d7020985f02f06c921b0f84de42e?s=96&d=mm&r=g\",\"caption\":\"green-vill-admin\"},\"sameAs\":[\"https:\/\/green-vill-kecskemet.hu\"],\"url\":\"https:\/\/green-vill-kecskemet.hu\/index.php\/author\/green-vill-admin\/\"}]}<\/script>\n<!-- \/ Yoast SEO plugin. -->","yoast_head_json":{"title":"Villanyt\u0171zhely, be\u00e9p\u00edthet\u0151 s\u00fct\u0151k \u00e9s f\u0151z\u0151lapok - GreenVill","robots":{"index":"index","follow":"follow","max-snippet":"max-snippet:-1","max-image-preview":"max-image-preview:large","max-video-preview":"max-video-preview:-1"},"canonical":"https:\/\/green-vill-kecskemet.hu\/index.php\/2024\/08\/27\/villanytuzhely-beepitheto-sutok-es-fozolapok\/","og_locale":"hu_HU","og_type":"article","og_title":"Villanyt\u0171zhely, be\u00e9p\u00edthet\u0151 s\u00fct\u0151k \u00e9s f\u0151z\u0151lapok - GreenVill","og_description":"Minden villamos t\u0171zhely \u00e9s f\u0151z\u0151lap csatlakoztat\u00e1s\u00e1t szabv\u00e1nyok \u00e9s gy\u00e1rt\u00f3i el\u0151\u00edr\u00e1sok szab\u00e1lyozz\u00e1k. Sz\u00e1mos el\u0151felt\u00e9telnek kell ahhoz teljes\u00fclnie, hogy a t\u0171zhely csatlakoztat\u00e1sa szakszer\u0171 \u00e9s a napi rendszeres haszn\u00e1latra alkalmas, \u00e9s a haszn\u00e1lata biztons\u00e1gos legyen. Mi is a teend\u0151nk? K\u00e9rj\u00fck Szakember seg\u00edts\u00e9g\u00e9t, akik a k\u00f6vetkez\u0151kben fognak tudni seg\u00edteni. 1. Lehet\u0151s\u00e9gek felt\u00e9rk\u00e9pez\u00e9se Az elektromos t\u0171zhely megv\u00e1s\u00e1rl\u00e1sa majd bek\u00f6t\u00e9se el\u0151tt [&hellip;]","og_url":"https:\/\/green-vill-kecskemet.hu\/index.php\/2024\/08\/27\/villanytuzhely-beepitheto-sutok-es-fozolapok\/","og_site_name":"GreenVill","article_publisher":"https:\/\/www.facebook.com\/profile.php?id=61556609794532","article_published_time":"2024-08-27T14:18:39+00:00","article_modified_time":"2024-08-27T14:27:16+00:00","og_image":[{"url":"https:\/\/green-vill-kecskemet.hu\/wp-content\/uploads\/2024\/08\/AdobeStock_442573743-scaled.jpeg","type":"","width":"","height":""}],"author":"green-vill-admin","twitter_card":"summary_large_image","twitter_misc":{"Szerz\u0151:":"green-vill-admin","Becs\u00fclt olvas\u00e1si id\u0151":"2 perc"},"schema":{"@context":"https:\/\/schema.org","@graph":[{"@type":"Article","@id":"https:\/\/green-vill-kecskemet.hu\/index.php\/2024\/08\/27\/villanytuzhely-beepitheto-sutok-es-fozolapok\/#article","isPartOf":{"@id":"https:\/\/green-vill-kecskemet.hu\/index.php\/2024\/08\/27\/villanytuzhely-beepitheto-sutok-es-fozolapok\/"},"author":{"name":"green-vill-admin","@id":"https:\/\/green-vill-kecskemet.hu\/#\/schema\/person\/084a23a77b0f9e74d3489b9e6a33674d"},"headline":"Villanyt\u0171zhely, be\u00e9p\u00edthet\u0151 s\u00fct\u0151k \u00e9s f\u0151z\u0151lapok","datePublished":"2024-08-27T14:18:39+00:00","dateModified":"2024-08-27T14:27:16+00:00","mainEntityOfPage":{"@id":"https:\/\/green-vill-kecskemet.hu\/index.php\/2024\/08\/27\/villanytuzhely-beepitheto-sutok-es-fozolapok\/"},"wordCount":461,"publisher":{"@id":"https:\/\/green-vill-kecskemet.hu\/#organization"},"image":{"@id":"https:\/\/green-vill-kecskemet.hu\/index.php\/2024\/08\/27\/villanytuzhely-beepitheto-sutok-es-fozolapok\/#primaryimage"},"thumbnailUrl":"https:\/\/green-vill-kecskemet.hu\/wp-content\/uploads\/2024\/08\/AdobeStock_442573743-scaled.jpeg","articleSection":["villanyszerel\u00e9s"],"inLanguage":"hu"},{"@type":"WebPage","@id":"https:\/\/green-vill-kecskemet.hu\/index.php\/2024\/08\/27\/villanytuzhely-beepitheto-sutok-es-fozolapok\/","url":"https:\/\/green-vill-kecskemet.hu\/index.php\/2024\/08\/27\/villanytuzhely-beepitheto-sutok-es-fozolapok\/","name":"Villanyt\u0171zhely, be\u00e9p\u00edthet\u0151 s\u00fct\u0151k \u00e9s f\u0151z\u0151lapok - GreenVill","isPartOf":{"@id":"https:\/\/green-vill-kecskemet.hu\/#website"},"primaryImageOfPage":{"@id":"https:\/\/green-vill-kecskemet.hu\/index.php\/2024\/08\/27\/villanytuzhely-beepitheto-sutok-es-fozolapok\/#primaryimage"},"image":{"@id":"https:\/\/green-vill-kecskemet.hu\/index.php\/2024\/08\/27\/villanytuzhely-beepitheto-sutok-es-fozolapok\/#primaryimage"},"thumbnailUrl":"https:\/\/green-vill-kecskemet.hu\/wp-content\/uploads\/2024\/08\/AdobeStock_442573743-scaled.jpeg","datePublished":"2024-08-27T14:18:39+00:00","dateModified":"2024-08-27T14:27:16+00:00","breadcrumb":{"@id":"https:\/\/green-vill-kecskemet.hu\/index.php\/2024\/08\/27\/villanytuzhely-beepitheto-sutok-es-fozolapok\/#breadcrumb"},"inLanguage":"hu","potentialAction":[{"@type":"ReadAction","target":["https:\/\/green-vill-kecskemet.hu\/index.php\/2024\/08\/27\/villanytuzhely-beepitheto-sutok-es-fozolapok\/"]}]},{"@type":"ImageObject","inLanguage":"hu","@id":"https:\/\/green-vill-kecskemet.hu\/index.php\/2024\/08\/27\/villanytuzhely-beepitheto-sutok-es-fozolapok\/#primaryimage","url":"https:\/\/green-vill-kecskemet.hu\/wp-content\/uploads\/2024\/08\/AdobeStock_442573743-scaled.jpeg","contentUrl":"https:\/\/green-vill-kecskemet.hu\/wp-content\/uploads\/2024\/08\/AdobeStock_442573743-scaled.jpeg","width":2560,"height":753,"caption":"G\u00e1zl\u00e1ng g\u00e1zt\u0171zhelyen"},{"@type":"BreadcrumbList","@id":"https:\/\/green-vill-kecskemet.hu\/index.php\/2024\/08\/27\/villanytuzhely-beepitheto-sutok-es-fozolapok\/#breadcrumb","itemListElement":[{"@type":"ListItem","position":1,"name":"Home","item":"https:\/\/green-vill-kecskemet.hu\/"},{"@type":"ListItem","position":2,"name":"Villanyt\u0171zhely, be\u00e9p\u00edthet\u0151 s\u00fct\u0151k \u00e9s f\u0151z\u0151lapok"}]},{"@type":"WebSite","@id":"https:\/\/green-vill-kecskemet.hu\/#website","url":"https:\/\/green-vill-kecskemet.hu\/","name":"Green Vill Kecskem\u00e9t","description":"","publisher":{"@id":"https:\/\/green-vill-kecskemet.hu\/#organization"},"potentialAction":[{"@type":"SearchAction","target":{"@type":"EntryPoint","urlTemplate":"https:\/\/green-vill-kecskemet.hu\/?s={search_term_string}"},"query-input":{"@type":"PropertyValueSpecification","valueRequired":true,"valueName":"search_term_string"}}],"inLanguage":"hu"},{"@type":"Organization","@id":"https:\/\/green-vill-kecskemet.hu\/#organization","name":"Gecsei Viktor EV","url":"https:\/\/green-vill-kecskemet.hu\/","logo":{"@type":"ImageObject","inLanguage":"hu","@id":"https:\/\/green-vill-kecskemet.hu\/#\/schema\/logo\/image\/","url":"https:\/\/green-vill-kecskemet.hu\/wp-content\/uploads\/2025\/02\/GreenVill-logo-v2-scaled.webp","contentUrl":"https:\/\/green-vill-kecskemet.hu\/wp-content\/uploads\/2025\/02\/GreenVill-logo-v2-scaled.webp","width":2560,"height":2560,"caption":"Gecsei Viktor EV"},"image":{"@id":"https:\/\/green-vill-kecskemet.hu\/#\/schema\/logo\/image\/"},"sameAs":["https:\/\/www.facebook.com\/profile.php?id=61556609794532"]},{"@type":"Person","@id":"https:\/\/green-vill-kecskemet.hu\/#\/schema\/person\/084a23a77b0f9e74d3489b9e6a33674d","name":"green-vill-admin","image":{"@type":"ImageObject","inLanguage":"hu","@id":"https:\/\/green-vill-kecskemet.hu\/#\/schema\/person\/image\/","url":"https:\/\/secure.gravatar.com\/avatar\/4599c337fa3e1a2fae515e50398cf6d3c950d7020985f02f06c921b0f84de42e?s=96&d=mm&r=g","contentUrl":"https:\/\/secure.gravatar.com\/avatar\/4599c337fa3e1a2fae515e50398cf6d3c950d7020985f02f06c921b0f84de42e?s=96&d=mm&r=g","caption":"green-vill-admin"},"sameAs":["https:\/\/green-vill-kecskemet.hu"],"url":"https:\/\/green-vill-kecskemet.hu\/index.php\/author\/green-vill-admin\/"}]}},"_links":{"self":[{"href":"https:\/\/green-vill-kecskemet.hu\/index.php\/wp-json\/wp\/v2\/posts\/8769","targetHints":{"allow":["GET"]}}],"collection":[{"href":"https:\/\/green-vill-kecskemet.hu\/index.php\/wp-json\/wp\/v2\/posts"}],"about":[{"href":"https:\/\/green-vill-kecskemet.hu\/index.php\/wp-json\/wp\/v2\/types\/post"}],"author":[{"embeddable":true,"href":"https:\/\/green-vill-kecskemet.hu\/index.php\/wp-json\/wp\/v2\/users\/1"}],"replies":[{"embeddable":true,"href":"https:\/\/green-vill-kecskemet.hu\/index.php\/wp-json\/wp\/v2\/comments?post=8769"}],"version-history":[{"count":4,"href":"https:\/\/green-vill-kecskemet.hu\/index.php\/wp-json\/wp\/v2\/posts\/8769\/revisions"}],"predecessor-version":[{"id":8774,"href":"https:\/\/green-vill-kecskemet.hu\/index.php\/wp-json\/wp\/v2\/posts\/8769\/revisions\/8774"}],"wp:attachment":[{"href":"https:\/\/green-vill-kecskemet.hu\/index.php\/wp-json\/wp\/v2\/media?parent=8769"}],"wp:term":[{"taxonomy":"category","embeddable":true,"href":"https:\/\/green-vill-kecskemet.hu\/index.php\/wp-json\/wp\/v2\/categories?post=8769"},{"taxonomy":"post_tag","embeddable":true,"href":"https:\/\/green-vill-kecskemet.hu\/index.php\/wp-json\/wp\/v2\/tags?post=8769"}],"curies":[{"name":"wp","href":"https:\/\/api.w.org\/{rel}","templated":true}]}}